{"id":2935,"date":"2018-05-25T01:31:05","date_gmt":"2018-05-24T23:31:05","guid":{"rendered":"http:\/\/streetdiamond.fr\/?p=2935"},"modified":"2019-11-04T13:41:41","modified_gmt":"2019-11-04T12:41:41","slug":"eritaj-krys-marie-dasylva-coach-guerre-contre-racisme-sexisme-en-milieu-professionnel","status":"publish","type":"post","link":"https:\/\/streetdiamond.fr\/index.php\/2018\/05\/25\/eritaj-krys-marie-dasylva-coach-guerre-contre-racisme-sexisme-en-milieu-professionnel\/","title":{"rendered":"\u00c9RITAJ : Krys et Marie Dasylva, coach en guerre contre le racisme et le sexisme en milieu professionnel"},"content":{"rendered":"<p><iframe id=\"audio_iframe\" src=\"https:\/\/www.podbean.com\/media\/player\/pniiq-91edc6?skin=1&amp;download=1&amp;share=1&amp;auto=0&amp;fonts=Helvetica&amp;btn-skin=108\" width=\"100%\" height=\"100\" frameborder=\"0\" scrolling=\"no\" data-link=\"https:\/\/www.podbean.com\/media\/player\/pniiq-91edc6?skin=1&amp;download=1&amp;share=1&amp;auto=0&amp;fonts=Helvetica&amp;btn-skin=108\" data-name=\"pb-iframe-player\"><\/iframe><\/p>\n<p>Depuis 2015,\u00a0<a href=\"https:\/\/www.facebook.com\/FestivalEritaj\/\">\u00c9ritaj, Festival des M\u00e9moires Vivantes<\/a>\u00a0comm\u00e9more la date de l&rsquo;abolition de l&rsquo;esclavage en Guadeloupe: le 27 Mai 1848.<\/p>\n<p>\u00ab\u00a0Cette date r\u00e9sonne particuli\u00e8rement \u00e0\u00a0<a href=\"https:\/\/www.facebook.com\/mairie.petitcanal\/\">Ville de Petit-Canal<\/a>,<br \/>\nle Carrefour des M\u00e9moires o\u00f9 se trouvent les<br \/>\nMarches des Esclaves, lieu qui symbolise la fin de<br \/>\nl\u2019abomination et la fiert\u00e9 de la Libert\u00e9 recouvr\u00e9e. \u00a0\u00bb<\/p>\n<p>\u00c0 cette occasion, nous recevons \u00ab\u00a0<strong>Marie Dasylva<\/strong>, coach de vie, qui lutte contre les discriminations gr\u00e2ce \u00e0 des ateliers et des conf\u00e9rences.\u00a0Elle a d\u00e9clar\u00e9 la guerre au racisme et au sexisme.<\/p>\n<div class=\"_1mf _1mj\"><\/div>\n<h5 class=\"_1mf _1mj\">Elle aide les femmes issues des minorit\u00e9s \u00e0 survivre en entreprise en France, \u00e0 travers\u00a0<strong>NKALI<\/strong>\u00a0son agence d&#8217;empowerment et de strat\u00e9gie d\u00e9di\u00e9e aux femmes racis\u00e9es et \u00e0 leurs probl\u00e9matiques professionnelles.\u00a0\u00bb<\/h5>\n<div class=\"_1mf _1mj\"><\/div>\n<div class=\"_1mf _1mj\">Et nous recevons <strong>Krys<\/strong>, producteur du label <strong>Step Out<\/strong> et chanteur \u00e0 succ\u00e8s. Une icone qui fait rayonner la Guadeloupe \u00e0 l&rsquo;international.<\/div>\n<p><span class=\"text_exposed_show\"><br \/>\nEn tant que partenaire nos \u00e9missions du 12 et 19 mai \u00e9taient consacr\u00e9es aux diff\u00e9rentes th\u00e9matiques li\u00e9es \u00e0 la traite et au festival.<\/span><\/p>\n<p>Les 25, 26 et 27 mai 2018 de nombreuses manifestations culturelles rythmeront cette 4e \u00e9dition ax\u00e9e principalement sur la \u00ab R\u00e9zistans \u00bb.<\/p>\n<p>&nbsp;<\/p>\n<div class=\"entry-content-asset videofit\"><iframe title=\"Krys et Marie Dasylva, coach contre le racisme et le sexisme en milieu professionnel\" width=\"720\" height=\"405\" src=\"https:\/\/www.youtube.com\/embed\/l0jFg7OeSVE?feature=oembed\" frameborder=\"0\" allow=\"accelerometer; autoplay; clipboard-write; encrypted-media; gyroscope; picture-in-picture; web-share\" referrerpolicy=\"strict-origin-when-cross-origin\" allowfullscreen><\/iframe><\/div>\n<h4><\/h4>\n<div class=\"entry-content-asset videofit\"><iframe title=\"Ne soyez plus d\u00e9muni fasse aux r\u00e9flexions racistes dans le monde du travail !\" width=\"720\" height=\"405\" src=\"https:\/\/www.youtube.com\/embed\/ft4iUsYfnvo?feature=oembed\" frameborder=\"0\" allow=\"accelerometer; autoplay; clipboard-write; encrypted-media; gyroscope; picture-in-picture; web-share\" referrerpolicy=\"strict-origin-when-cross-origin\" allowfullscreen><\/iframe><\/div>\n<h4><strong>Emission STREET DIAMOND du (19\/05\/2018)<\/strong><\/h4>\n<p><span style=\"font-weight: 400;\">Animateurs: Mak Paro, Mlle AC, Manu Dorlis.<\/span><\/p>\n<p><span style=\"font-weight: 400;\">Radio RGB 99.2 FM et\u00a0<\/span><a href=\"https:\/\/streetdiamond.fr\/\"><strong><em>streetdiamond.fr<\/em><\/strong><\/a><span style=\"font-weight: 400;\">.<\/span><\/p>\n<p><span style=\"font-weight: 400;\">Votez pour les podcasts de Street Diamond sur<\/span>\u00a0<a href=\"https:\/\/itunes.apple.com\/us\/podcast\/street-diamond\/id1180867618?mt=2\"><strong><em>Itunes<\/em><\/strong><\/a><span style=\"font-weight: 400;\">\u00a0et\u00a0<\/span><a href=\"https:\/\/www.deezer.com\/fr\/show\/55849\"><strong><em>Deezer<\/em><\/strong><\/a><span style=\"font-weight: 400;\">!<\/span><\/p>\n<p><a href=\"https:\/\/www.facebook.com\/streetdiamondradio\/\"><span style=\"font-weight: 400;\">Street Diamond<\/span><\/a><span style=\"font-weight: 400;\">\u00a0tous les samedis de 19H \u00e0 22H.<\/span><\/p>\n<p><span style=\"font-weight: 400;\">Facebook:\u00a0<\/span><a href=\"https:\/\/www.facebook.com\/streetdiamondradio\/\"><span style=\"font-weight: 400;\">Street Diamond (le samedi de 19h \u00e0 22h sur RGB)<\/span><\/a><\/p>\n<p><span style=\"font-weight: 400;\">Photo :\u00a0<\/span><a href=\"https:\/\/www.dorlis-photography.com\/\"><span style=\"font-weight: 400;\">Dorlis Photography<\/span><\/a><\/p>\n","protected":false},"excerpt":{"rendered":"<p>Depuis 2015,\u00a0\u00c9ritaj, Festival des M\u00e9moires Vivantes\u00a0comm\u00e9more la date de l&rsquo;abolition de l&rsquo;esclavage en Guadeloupe: le 27 Mai 1848. \u00ab\u00a0Cette date r\u00e9sonne particuli\u00e8rement \u00e0\u00a0Ville de Petit-Canal, le Carrefour des M\u00e9moires o\u00f9 se trouvent les Marches des Esclaves, lieu qui symbolise la fin de l\u2019abomination et la fiert\u00e9 de la Libert\u00e9 recouvr\u00e9e. \u00a0\u00bb \u00c0 cette occasion, nous&#8230;<\/p>\n","protected":false},"author":1,"featured_media":2943,"comment_status":"open","ping_status":"open","sticky":false,"template":"","format":"standard","meta":{"_exactmetrics_skip_tracking":false,"_exactmetrics_sitenote_active":false,"_exactmetrics_sitenote_note":"","_exactmetrics_sitenote_category":0,"_kadence_starter_templates_imported_post":false,"_kad_post_transparent":"","_kad_post_title":"","_kad_post_layout":"","_kad_post_sidebar_id":"","_kad_post_content_style":"","_kad_post_vertical_padding":"","_kad_post_feature":"","_kad_post_feature_position":"","_kad_post_header":false,"_kad_post_footer":false,"_kad_post_classname":"","footnotes":""},"categories":[4,75,117],"tags":[709,461,697,174,705,704,706,698,701,558,107,703,710,711,421,702,707,708,405,459,347,343],"class_list":["post-2935","post","type-post","status-publish","format-standard","has-post-thumbnail","hentry","category-culture","category-podcasts","category-street-diamond","tag-agressions","tag-dorlis-photography","tag-eritaj","tag-esclavage","tag-feminisme","tag-feministe","tag-femme-noire","tag-festival-des-memoires-vivantes","tag-festival-eritaj","tag-histoire","tag-mak-paro","tag-marie-dasylva","tag-micro-agression","tag-milieu-professionel","tag-mlle-ac","tag-nkali","tag-racisee","tag-racisees","tag-racisme","tag-rgb","tag-streetdiamond","tag-streetdiamond-fr"],"_links":{"self":[{"href":"https:\/\/streetdiamond.fr\/index.php\/wp-json\/wp\/v2\/posts\/2935","targetHints":{"allow":["GET"]}}],"collection":[{"href":"https:\/\/streetdiamond.fr\/index.php\/wp-json\/wp\/v2\/posts"}],"about":[{"href":"https:\/\/streetdiamond.fr\/index.php\/wp-json\/wp\/v2\/types\/post"}],"author":[{"embeddable":true,"href":"https:\/\/streetdiamond.fr\/index.php\/wp-json\/wp\/v2\/users\/1"}],"replies":[{"embeddable":true,"href":"https:\/\/streetdiamond.fr\/index.php\/wp-json\/wp\/v2\/comments?post=2935"}],"version-history":[{"count":5,"href":"https:\/\/streetdiamond.fr\/index.php\/wp-json\/wp\/v2\/posts\/2935\/revisions"}],"predecessor-version":[{"id":2946,"href":"https:\/\/streetdiamond.fr\/index.php\/wp-json\/wp\/v2\/posts\/2935\/revisions\/2946"}],"wp:featuredmedia":[{"embeddable":true,"href":"https:\/\/streetdiamond.fr\/index.php\/wp-json\/wp\/v2\/media\/2943"}],"wp:attachment":[{"href":"https:\/\/streetdiamond.fr\/index.php\/wp-json\/wp\/v2\/media?parent=2935"}],"wp:term":[{"taxonomy":"category","embeddable":true,"href":"https:\/\/streetdiamond.fr\/index.php\/wp-json\/wp\/v2\/categories?post=2935"},{"taxonomy":"post_tag","embeddable":true,"href":"https:\/\/streetdiamond.fr\/index.php\/wp-json\/wp\/v2\/tags?post=2935"}],"curies":[{"name":"wp","href":"https:\/\/api.w.org\/{rel}","templated":true}]}}