{"id":2933,"date":"2018-05-25T01:12:09","date_gmt":"2018-05-24T23:12:09","guid":{"rendered":"http:\/\/streetdiamond.fr\/?p=2933"},"modified":"2019-11-04T13:41:52","modified_gmt":"2019-11-04T12:41:52","slug":"eritaj-mulatresse-solitude-a-immigration-indienne-guadeloupe","status":"publish","type":"post","link":"https:\/\/streetdiamond.fr\/index.php\/2018\/05\/25\/eritaj-mulatresse-solitude-a-immigration-indienne-guadeloupe\/","title":{"rendered":"\u00c9RITAJ : De la mul\u00e2tresse Solitude \u00e0 l\u2019immigration indienne en Guadeloupe"},"content":{"rendered":"<p><iframe id=\"audio_iframe\" src=\"https:\/\/www.podbean.com\/media\/player\/we9n7-91ed88?skin=1&amp;download=1&amp;share=1&amp;auto=0&amp;fonts=Helvetica&amp;btn-skin=108\" width=\"100%\" height=\"100\" frameborder=\"0\" scrolling=\"no\" data-link=\"https:\/\/www.podbean.com\/media\/player\/we9n7-91ed88?skin=1&amp;download=1&amp;share=1&amp;auto=0&amp;fonts=Helvetica&amp;btn-skin=108\" data-name=\"pb-iframe-player\"><\/iframe><\/p>\n<p>Depuis 2015,\u00a0<a href=\"https:\/\/www.facebook.com\/FestivalEritaj\/\">\u00c9ritaj, Festival des M\u00e9moires Vivantes<\/a>\u00a0comm\u00e9more la date de l&rsquo;abolition de l&rsquo;esclavage en Guadeloupe: le 27 Mai 1848.<\/p>\n<p>\u00ab\u00a0Cette date r\u00e9sonne particuli\u00e8rement \u00e0\u00a0<a href=\"https:\/\/www.facebook.com\/mairie.petitcanal\/\">Ville de Petit-Canal<\/a>,<br \/>\nle Carrefour des M\u00e9moires o\u00f9 se trouvent les<br \/>\nMarches des Esclaves, lieu qui symbolise la fin de<br \/>\nl\u2019abomination et la fiert\u00e9 de la Libert\u00e9 recouvr\u00e9e. \u00a0\u00bb<\/p>\n<p>\u00c0 cette occasion, nous vous parlons du court m\u00e9trage \u00ab\u00a0Qui es-tu ?- Ki moun ou y\u00e9 ? \u00a0\u00bb produit par\u00a0<a href=\"https:\/\/www.facebook.com\/Pr%C3%A9mices-Art-Studio-152836598594874\/\">Pr\u00e9mices Art Studio<\/a>.<br \/>\nNous recevons le R\u00e9alisateur Daniel Jules Kichenassamy. L&rsquo;occasion de parler de l&rsquo;immigration indienne qui eu lieue entre 1854 et 1885. L&rsquo;histoire trop peu connue d&rsquo;une population dont les conditions de vie \u00e9tait plus proche de la semi-libert\u00e9 et parfois pas tr\u00e8s \u00e9loign\u00e9es des conditions de l&rsquo;esclave.<\/p>\n<p>En tant que partenaire nos \u00e9missions du 12 et 19 mai seront consacr\u00e9es aux diff\u00e9rentes th\u00e9matiques li\u00e9es \u00e0 la traite et au festival.<\/p>\n<p>Les 25, 26 et 27 mai 2018 de nombreuses manifestations culturelles rythmeront cette 4e \u00e9dition ax\u00e9e principalement sur la \u00ab R\u00e9zistans \u00bb.<\/p>\n<p>De nombreux artistes participeront \u00e0 ce festival dont la chanteuse compositrice, paroli\u00e8re et interpr\u00e8te <strong>Veronique Hermann Sambin<\/strong> et le r\u00e9alisateur <strong>Daniel Kichenassamy<\/strong> qui sont nos\u00a0<a class=\"_58cn\" href=\"https:\/\/www.facebook.com\/hashtag\/streetdiamondguests\">#streetdiamondguests<\/a>\u00a0ce soir et nous parlons de leurs initiatives ainsi que de cet \u00e9v\u00e9nement.<\/p>\n<p>&nbsp;<\/p>\n<div class=\"entry-content-asset videofit\"><iframe title=\"\u00c9RITAJ : De la mul\u00e2tresse Solitude \u00e0 l\u2019immigration indienne en Guadeloupe\" width=\"720\" height=\"405\" src=\"https:\/\/www.youtube.com\/embed\/WmLz_ZsRge0?feature=oembed\" frameborder=\"0\" allow=\"accelerometer; autoplay; clipboard-write; encrypted-media; gyroscope; picture-in-picture; web-share\" referrerpolicy=\"strict-origin-when-cross-origin\" allowfullscreen><\/iframe><\/div>\n<h4><\/h4>\n<div class=\"entry-content-asset videofit\"><iframe title=\"Quelqu&#039;un sait ce qu&#039;il est devenu l&#039;enfant de (la mul\u00e2tresse) Solitude ?\" width=\"720\" height=\"405\" src=\"https:\/\/www.youtube.com\/embed\/g1lEGS4z_ZM?feature=oembed\" frameborder=\"0\" allow=\"accelerometer; autoplay; clipboard-write; encrypted-media; gyroscope; picture-in-picture; web-share\" referrerpolicy=\"strict-origin-when-cross-origin\" allowfullscreen><\/iframe><\/div>\n<p>&nbsp;<\/p>\n<div class=\"entry-content-asset videofit\"><iframe title=\"&quot; Un coll\u00e8gue de travail insinuait qu&#039;ayant du sang indien je n&#039;\u00e9tais pas guadeloup\u00e9en ! &quot;\" width=\"720\" height=\"405\" src=\"https:\/\/www.youtube.com\/embed\/YmBgbEMuanQ?feature=oembed\" frameborder=\"0\" allow=\"accelerometer; autoplay; clipboard-write; encrypted-media; gyroscope; picture-in-picture; web-share\" referrerpolicy=\"strict-origin-when-cross-origin\" allowfullscreen><\/iframe><\/div>\n<p>&nbsp;<\/p>\n<div class=\"entry-content-asset videofit\"><iframe title=\"Le cas des artistes de jazz carib\u00e9en et l&#039;id\u00e9e des quotas sur la sc\u00e8ne jazz national\" width=\"720\" height=\"405\" src=\"https:\/\/www.youtube.com\/embed\/TcQ5KTBtHJY?feature=oembed\" frameborder=\"0\" allow=\"accelerometer; autoplay; clipboard-write; encrypted-media; gyroscope; picture-in-picture; web-share\" referrerpolicy=\"strict-origin-when-cross-origin\" allowfullscreen><\/iframe><\/div>\n<h4><strong>Emission STREET DIAMOND du (12\/05\/2018)<\/strong><\/h4>\n<p><span style=\"font-weight: 400;\">Animateurs: Mak Paro, Mlle AC, Manu Dorlis.<\/span><\/p>\n<p><span style=\"font-weight: 400;\">Radio RGB 99.2 FM et\u00a0<\/span><a href=\"https:\/\/streetdiamond.fr\/\"><strong><em>streetdiamond.fr<\/em><\/strong><\/a><span style=\"font-weight: 400;\">.<\/span><\/p>\n<p><span style=\"font-weight: 400;\">Votez pour les podcasts de Street Diamond sur<\/span>\u00a0<a href=\"https:\/\/itunes.apple.com\/us\/podcast\/street-diamond\/id1180867618?mt=2\"><strong><em>Itunes<\/em><\/strong><\/a><span style=\"font-weight: 400;\">\u00a0et\u00a0<\/span><a href=\"https:\/\/www.deezer.com\/fr\/show\/55849\"><strong><em>Deezer<\/em><\/strong><\/a><span style=\"font-weight: 400;\">!<\/span><\/p>\n<p><a href=\"https:\/\/www.facebook.com\/streetdiamondradio\/\"><span style=\"font-weight: 400;\">Street Diamond<\/span><\/a><span style=\"font-weight: 400;\">\u00a0tous les samedis de 19H \u00e0 22H.<\/span><\/p>\n<p><span style=\"font-weight: 400;\">Facebook:\u00a0<\/span><a href=\"https:\/\/www.facebook.com\/streetdiamondradio\/\"><span style=\"font-weight: 400;\">Street Diamond (le samedi de 19h \u00e0 22h sur RGB)<\/span><\/a><\/p>\n<p><span style=\"font-weight: 400;\">Photo :\u00a0<\/span><a href=\"https:\/\/www.dorlis-photography.com\/\"><span style=\"font-weight: 400;\">Dorlis Photography<\/span><\/a><\/p>\n","protected":false},"excerpt":{"rendered":"<p>Depuis 2015,\u00a0\u00c9ritaj, Festival des M\u00e9moires Vivantes\u00a0comm\u00e9more la date de l&rsquo;abolition de l&rsquo;esclavage en Guadeloupe: le 27 Mai 1848. \u00ab\u00a0Cette date r\u00e9sonne particuli\u00e8rement \u00e0\u00a0Ville de Petit-Canal, le Carrefour des M\u00e9moires o\u00f9 se trouvent les Marches des Esclaves, lieu qui symbolise la fin de l\u2019abomination et la fiert\u00e9 de la Libert\u00e9 recouvr\u00e9e. \u00a0\u00bb \u00c0 cette occasion, nous&#8230;<\/p>\n","protected":false},"author":1,"featured_media":2937,"comment_status":"open","ping_status":"open","sticky":false,"template":"","format":"standard","meta":{"_exactmetrics_skip_tracking":false,"_exactmetrics_sitenote_active":false,"_exactmetrics_sitenote_note":"","_exactmetrics_sitenote_category":0,"_kadence_starter_templates_imported_post":false,"_kad_post_transparent":"","_kad_post_title":"","_kad_post_layout":"","_kad_post_sidebar_id":"","_kad_post_content_style":"","_kad_post_vertical_padding":"","_kad_post_feature":"","_kad_post_feature_position":"","_kad_post_header":false,"_kad_post_footer":false,"_kad_post_classname":"","footnotes":""},"categories":[4,75,117],"tags":[709,699,461,697,174,705,704,706,698,701,558,107,703,710,711,421,702,707,708,405,459,112,347,343,700,344],"class_list":["post-2933","post","type-post","status-publish","format-standard","has-post-thumbnail","hentry","category-culture","category-podcasts","category-street-diamond","tag-agressions","tag-daniel-kichenassamy","tag-dorlis-photography","tag-eritaj","tag-esclavage","tag-feminisme","tag-feministe","tag-femme-noire","tag-festival-des-memoires-vivantes","tag-festival-eritaj","tag-histoire","tag-mak-paro","tag-marie-dasylva","tag-micro-agression","tag-milieu-professionel","tag-mlle-ac","tag-nkali","tag-racisee","tag-racisees","tag-racisme","tag-rgb","tag-street-diamond","tag-streetdiamond","tag-streetdiamond-fr","tag-veronique-hermann-sambin","tag-www-streetdiamond-fr"],"_links":{"self":[{"href":"https:\/\/streetdiamond.fr\/index.php\/wp-json\/wp\/v2\/posts\/2933","targetHints":{"allow":["GET"]}}],"collection":[{"href":"https:\/\/streetdiamond.fr\/index.php\/wp-json\/wp\/v2\/posts"}],"about":[{"href":"https:\/\/streetdiamond.fr\/index.php\/wp-json\/wp\/v2\/types\/post"}],"author":[{"embeddable":true,"href":"https:\/\/streetdiamond.fr\/index.php\/wp-json\/wp\/v2\/users\/1"}],"replies":[{"embeddable":true,"href":"https:\/\/streetdiamond.fr\/index.php\/wp-json\/wp\/v2\/comments?post=2933"}],"version-history":[{"count":5,"href":"https:\/\/streetdiamond.fr\/index.php\/wp-json\/wp\/v2\/posts\/2933\/revisions"}],"predecessor-version":[{"id":2947,"href":"https:\/\/streetdiamond.fr\/index.php\/wp-json\/wp\/v2\/posts\/2933\/revisions\/2947"}],"wp:featuredmedia":[{"embeddable":true,"href":"https:\/\/streetdiamond.fr\/index.php\/wp-json\/wp\/v2\/media\/2937"}],"wp:attachment":[{"href":"https:\/\/streetdiamond.fr\/index.php\/wp-json\/wp\/v2\/media?parent=2933"}],"wp:term":[{"taxonomy":"category","embeddable":true,"href":"https:\/\/streetdiamond.fr\/index.php\/wp-json\/wp\/v2\/categories?post=2933"},{"taxonomy":"post_tag","embeddable":true,"href":"https:\/\/streetdiamond.fr\/index.php\/wp-json\/wp\/v2\/tags?post=2933"}],"curies":[{"name":"wp","href":"https:\/\/api.w.org\/{rel}","templated":true}]}}