{"id":2805,"date":"2018-04-03T00:28:08","date_gmt":"2018-04-02T22:28:08","guid":{"rendered":"http:\/\/streetdiamond.fr\/?p=2805"},"modified":"2019-11-04T13:45:20","modified_gmt":"2019-11-04T12:45:20","slug":"yann-gael-acteur-principal-du-film-le-reve-francais-sur-street-diamond-24-03-18-interview","status":"publish","type":"post","link":"https:\/\/streetdiamond.fr\/index.php\/2018\/04\/03\/yann-gael-acteur-principal-du-film-le-reve-francais-sur-street-diamond-24-03-18-interview\/","title":{"rendered":"Yann Gael, acteur principal du film Le r\u00eave fran\u00e7ais"},"content":{"rendered":"<p><iframe id=\"audio_iframe\" src=\"https:\/\/www.podbean.com\/media\/player\/2gvhe-8e4431?skin=1&amp;download=1&amp;share=1&amp;auto=0&amp;fonts=Helvetica&amp;btn-skin=108\" width=\"100%\" height=\"100\" frameborder=\"0\" scrolling=\"no\" data-link=\"https:\/\/www.podbean.com\/media\/player\/2gvhe-8e4431?skin=1&amp;download=1&amp;share=1&amp;auto=0&amp;fonts=Helvetica&amp;btn-skin=108\" data-name=\"pb-iframe-player\"><\/iframe><\/p>\n<h4><strong>L&rsquo;acteur Yann Gael incarne le personnage de Samuel R\u00e9nia dans <i>Le r\u00eave fran\u00e7ais<\/i>, un t\u00e9l\u00e9film en 2 \u00e9pisodes qui a pour point de d\u00e9part la Guadeloupe de 1967.<\/strong><\/h4>\n<p><span style=\"font-weight: 400;\"><span style=\"color: #ff7700;\">Un casting afro-descendant pour une histoire antillaise<\/span> avec A\u00efssa Ma\u00efga, Firmine Richard, Aude Legastelois, Ambroise Michel, Jocelyne B\u00e9roard, Pierre Rousselet, ainsi que Samuel Etifier et Sandrine Salyeres <a href=\"https:\/\/streetdiamond.fr\/index.php\/2018\/04\/02\/sandrine-salyeres-et-samuel-etifier-le-reve-francais-sur-street-diamond-17-03-18-interview\/\">que nous avions re\u00e7u dans une pr\u00e9c\u00e9dente \u00e9mission<\/a>.<\/span><\/p>\n<figure id=\"attachment_2843\" aria-describedby=\"caption-attachment-2843\" style=\"width: 750px\" class=\"wp-caption aligncenter\"><a href=\"https:\/\/streetdiamond.fr\/wp-content\/uploads\/2018\/04\/MG_7271-2.jpg\"><img decoding=\"async\" class=\"wp-image-2843 size-large\" src=\"https:\/\/streetdiamond.fr\/wp-content\/uploads\/2018\/04\/MG_7271-2-1024x683.jpg\" alt=\"\" width=\"750\" height=\"500\" srcset=\"https:\/\/streetdiamond.fr\/wp-content\/uploads\/2018\/04\/MG_7271-2-1024x683.jpg 1024w, https:\/\/streetdiamond.fr\/wp-content\/uploads\/2018\/04\/MG_7271-2-300x200.jpg 300w, https:\/\/streetdiamond.fr\/wp-content\/uploads\/2018\/04\/MG_7271-2-563x375.jpg 563w, https:\/\/streetdiamond.fr\/wp-content\/uploads\/2018\/04\/MG_7271-2-640x427.jpg 640w, https:\/\/streetdiamond.fr\/wp-content\/uploads\/2018\/04\/MG_7271-2-2000x1333.jpg 2000w, https:\/\/streetdiamond.fr\/wp-content\/uploads\/2018\/04\/MG_7271-2-1024x683@2x.jpg 2048w, https:\/\/streetdiamond.fr\/wp-content\/uploads\/2018\/04\/MG_7271-2-300x200@2x.jpg 600w, https:\/\/streetdiamond.fr\/wp-content\/uploads\/2018\/04\/MG_7271-2-563x375@2x.jpg 1126w, https:\/\/streetdiamond.fr\/wp-content\/uploads\/2018\/04\/MG_7271-2-640x427@2x.jpg 1280w\" sizes=\"(max-width: 750px) 100vw, 750px\" \/><\/a><figcaption id=\"caption-attachment-2843\" class=\"wp-caption-text\">Yann Gael, A\u00efssa Ma\u00efga et Ambroise Michel<\/figcaption><\/figure>\n<p>&nbsp;<\/p>\n<h5><strong>Un v\u00e9ritable d\u00e9fi logistique et pour le nombre de \u201cr\u00f4le parl\u00e9\u201d pour ce film en parti tourn\u00e9 entre France hexagonal et Guadeloupe pour le r\u00e9alisateur Christian Faure, mais aussi pour <a href=\"https:\/\/www.eloaprod.tv\">Eloa Prod<\/a>.<\/strong><\/h5>\n<figure id=\"attachment_2842\" aria-describedby=\"caption-attachment-2842\" style=\"width: 750px\" class=\"wp-caption alignleft\"><a href=\"https:\/\/streetdiamond.fr\/wp-content\/uploads\/2018\/04\/MG_7268-2.jpg\"><img decoding=\"async\" class=\"wp-image-2842 size-large\" src=\"https:\/\/streetdiamond.fr\/wp-content\/uploads\/2018\/04\/MG_7268-2-1024x683.jpg\" alt=\"\" width=\"750\" height=\"500\" srcset=\"https:\/\/streetdiamond.fr\/wp-content\/uploads\/2018\/04\/MG_7268-2-1024x683.jpg 1024w, https:\/\/streetdiamond.fr\/wp-content\/uploads\/2018\/04\/MG_7268-2-300x200.jpg 300w, https:\/\/streetdiamond.fr\/wp-content\/uploads\/2018\/04\/MG_7268-2-562x375.jpg 562w, https:\/\/streetdiamond.fr\/wp-content\/uploads\/2018\/04\/MG_7268-2-640x427.jpg 640w, https:\/\/streetdiamond.fr\/wp-content\/uploads\/2018\/04\/MG_7268-2-2000x1334.jpg 2000w, https:\/\/streetdiamond.fr\/wp-content\/uploads\/2018\/04\/MG_7268-2-1024x683@2x.jpg 2048w, https:\/\/streetdiamond.fr\/wp-content\/uploads\/2018\/04\/MG_7268-2-300x200@2x.jpg 600w, https:\/\/streetdiamond.fr\/wp-content\/uploads\/2018\/04\/MG_7268-2-562x375@2x.jpg 1124w, https:\/\/streetdiamond.fr\/wp-content\/uploads\/2018\/04\/MG_7268-2-640x427@2x.jpg 1280w\" sizes=\"(max-width: 750px) 100vw, 750px\" \/><\/a><figcaption id=\"caption-attachment-2842\" class=\"wp-caption-text\">Yann Gael, Firmine Richard, France Zobda, Christian Faure, Jean-Lou Monthieux, A\u00efssa Ma\u00efga et Ambroise Michel<\/figcaption><\/figure>\n<p>&nbsp;<\/p>\n<p><span style=\"font-weight: 400;\">En effet, <span style=\"color: #ff7700;\">la production des talentueux France Zobda et Jean-Lou Monthieux, apr\u00e8s la mini-s\u00e9rie <\/span><\/span><span style=\"color: #ff7700;\"><i><span style=\"font-weight: 400;\">Toussaint Louverture<\/span><\/i><\/span><span style=\"font-weight: 400;\"><span style=\"color: #ff7700;\"> qui avait pour t\u00eate d\u2019affiche Jimmy Jean-Louis, traite \u00e0 nouveau d\u2019une histoire carib\u00e9enne<\/span> mais au contraire du personnage historique que repr\u00e9sente le lib\u00e9rateur ha\u00eftien, nous nous trouvons bien en face d\u2019une fiction.<\/span><\/p>\n<p><span style=\"font-weight: 400;\">D\u2019ailleurs, le r\u00e9alisateur ne s\u2019est pas tromp\u00e9 en donnant le premier r\u00f4le au <\/span><i><span style=\"font-weight: 400;\">Prix France T\u00e9l\u00e9visions de l&rsquo;interpr\u00e9tation masculine du Festival du Court-M\u00e9trage de Clermont-Ferrand 2017 pour Et toujours nous marcherons de Jonathan Millet<\/span><\/i><span style=\"font-weight: 400;\">. <strong><span style=\"color: #ff7700;\">Yann Gael r\u00e9cidive avec <\/span><\/strong><\/span><strong><span style=\"color: #ff7700;\"><i>la Meilleure interpr\u00e9tation masculine au Festival de la fiction TV de La Rochelle 2017 pour Le R\u00eave fran\u00e7ais de Christian Faure<\/i>&#8230;<\/span><\/strong><\/p>\n<p>&nbsp;<\/p>\n<div class=\"entry-content-asset videofit\"><iframe title=\"Yann Gael acteur principal du t\u00e9l\u00e9film &quot;Le reve francais&quot; sur Street Diamond\" width=\"720\" height=\"405\" src=\"https:\/\/www.youtube.com\/embed\/Oj45jcSwnUs?feature=oembed\" frameborder=\"0\" allow=\"accelerometer; autoplay; clipboard-write; encrypted-media; gyroscope; picture-in-picture; web-share\" referrerpolicy=\"strict-origin-when-cross-origin\" allowfullscreen><\/iframe><\/div>\n<h4><\/h4>\n<h5><span style=\"color: #ff7700;\"><strong>Le + de Street Diamond en Bonus!<\/strong><\/span><\/h5>\n<h4><iframe style=\"border: none; overflow: hidden;\" src=\"https:\/\/www.facebook.com\/plugins\/video.php?href=https%3A%2F%2Fwww.facebook.com%2Fstreetdiamondradio%2Fvideos%2F1948521418509369%2F&amp;show_text=1&amp;width=560\" width=\"560\" height=\"406\" frameborder=\"0\" scrolling=\"no\" allowfullscreen=\"allowfullscreen\"><\/iframe><\/h4>\n<h4>Emission STREET DIAMOND du (24\/03\/2018)<\/h4>\n<p>Animateurs: Mak Paro, Mlle AC, Manu Dorlis, Ma\u00efty Freeman.<\/p>\n<p>Radio RGB 99.2 FM\u00a0et\u00a0<em><strong><a href=\"https:\/\/streetdiamond.fr\" target=\"_blank\" rel=\"noopener noreferrer\">streetdiamond.fr<\/a><\/strong><\/em>.<\/p>\n<p>Votez pour les podcasts de Street Diamond sur<em><strong>\u00a0<a href=\"https:\/\/itunes.apple.com\/us\/podcast\/street-diamond\/id1180867618?mt=2\" target=\"_blank\" rel=\"noopener noreferrer\">Itunes<\/a><\/strong><\/em>\u00a0et\u00a0<em><strong><a href=\"https:\/\/www.deezer.com\/fr\/show\/55849\" target=\"_blank\" rel=\"noopener noreferrer\">Deezer<\/a><\/strong><\/em>!<\/p>\n<p><a href=\"https:\/\/www.facebook.com\/streetdiamondradio\/\" target=\"_blank\" rel=\"noopener noreferrer\">Street Diamond<\/a>\u00a0tous les samedis de 19H \u00e0 22H.<\/p>\n<p>Facebook:\u00a0<a href=\"https:\/\/www.facebook.com\/streetdiamondradio\/\" target=\"_blank\" rel=\"noopener noreferrer\">Street Diamond (le samedi de 19h \u00e0 22h sur RGB)<\/a><\/p>\n<p>Photo :\u00a0<a href=\"https:\/\/www.dorlis-photography.com\/\">Dorlis Photography<\/a><\/p>\n","protected":false},"excerpt":{"rendered":"<p>L&rsquo;acteur Yann Gael incarne le personnage de Samuel R\u00e9nia dans Le r\u00eave fran\u00e7ais, un t\u00e9l\u00e9film en 2 \u00e9pisodes qui a pour point de d\u00e9part la Guadeloupe de 1967. Un casting afro-descendant pour une histoire antillaise avec A\u00efssa Ma\u00efga, Firmine Richard, Aude Legastelois, Ambroise Michel, Jocelyne B\u00e9roard, Pierre Rousselet, ainsi que Samuel Etifier et Sandrine Salyeres&#8230;<\/p>\n","protected":false},"author":1,"featured_media":2841,"comment_status":"open","ping_status":"open","sticky":false,"template":"","format":"standard","meta":{"_exactmetrics_skip_tracking":false,"_exactmetrics_sitenote_active":false,"_exactmetrics_sitenote_note":"","_exactmetrics_sitenote_category":0,"_kadence_starter_templates_imported_post":false,"_kad_post_transparent":"","_kad_post_title":"","_kad_post_layout":"","_kad_post_sidebar_id":"","_kad_post_content_style":"","_kad_post_vertical_padding":"","_kad_post_feature":"","_kad_post_feature_position":"","_kad_post_header":false,"_kad_post_footer":false,"_kad_post_classname":"","footnotes":""},"categories":[4,75,117],"tags":[551,544,575,570,571,289,574,554,567,572,461,541,573,568,569,208,540,107,576,468,424,543,545,542,112,347,343,546],"class_list":["post-2805","post","type-post","status-publish","format-standard","has-post-thumbnail","hentry","category-culture","category-podcasts","category-street-diamond","tag-acteur","tag-aissa-maiga","tag-ambroise-michel","tag-antillais","tag-antillaise","tag-antilles","tag-aude-legastelois","tag-bumidom","tag-christian-faure","tag-cinema","tag-dorlis-photography","tag-eloa-prod","tag-firmine-richard","tag-france-zobda","tag-jean-lou-monthieux","tag-jocelyne-beroard","tag-le-reve-francais","tag-mak-paro","tag-pierre-rousselet","tag-podcast","tag-radio-rgb","tag-samuel-etifier","tag-samuel-renia","tag-sandrine-salyeres","tag-street-diamond","tag-streetdiamond","tag-streetdiamond-fr","tag-yann-gael"],"_links":{"self":[{"href":"https:\/\/streetdiamond.fr\/index.php\/wp-json\/wp\/v2\/posts\/2805","targetHints":{"allow":["GET"]}}],"collection":[{"href":"https:\/\/streetdiamond.fr\/index.php\/wp-json\/wp\/v2\/posts"}],"about":[{"href":"https:\/\/streetdiamond.fr\/index.php\/wp-json\/wp\/v2\/types\/post"}],"author":[{"embeddable":true,"href":"https:\/\/streetdiamond.fr\/index.php\/wp-json\/wp\/v2\/users\/1"}],"replies":[{"embeddable":true,"href":"https:\/\/streetdiamond.fr\/index.php\/wp-json\/wp\/v2\/comments?post=2805"}],"version-history":[{"count":8,"href":"https:\/\/streetdiamond.fr\/index.php\/wp-json\/wp\/v2\/posts\/2805\/revisions"}],"predecessor-version":[{"id":3314,"href":"https:\/\/streetdiamond.fr\/index.php\/wp-json\/wp\/v2\/posts\/2805\/revisions\/3314"}],"wp:featuredmedia":[{"embeddable":true,"href":"https:\/\/streetdiamond.fr\/index.php\/wp-json\/wp\/v2\/media\/2841"}],"wp:attachment":[{"href":"https:\/\/streetdiamond.fr\/index.php\/wp-json\/wp\/v2\/media?parent=2805"}],"wp:term":[{"taxonomy":"category","embeddable":true,"href":"https:\/\/streetdiamond.fr\/index.php\/wp-json\/wp\/v2\/categories?post=2805"},{"taxonomy":"post_tag","embeddable":true,"href":"https:\/\/streetdiamond.fr\/index.php\/wp-json\/wp\/v2\/tags?post=2805"}],"curies":[{"name":"wp","href":"https:\/\/api.w.org\/{rel}","templated":true}]}}