{"id":2598,"date":"2017-12-18T01:01:49","date_gmt":"2017-12-18T00:01:49","guid":{"rendered":"http:\/\/streetdiamond.fr\/?p=2598"},"modified":"2019-11-04T13:52:38","modified_gmt":"2019-11-04T12:52:38","slug":"antoine-griezmann-blackface","status":"publish","type":"post","link":"https:\/\/streetdiamond.fr\/index.php\/2017\/12\/18\/antoine-griezmann-blackface\/","title":{"rendered":"Le Blackface du footballeur Antoine Griezmann ne fait rire que lui"},"content":{"rendered":"<h2><strong>Le Blackface du footballeur Antoine Griezmann ne fait rire que lui<\/strong><\/h2>\n<p>&nbsp;<\/p>\n<h3>En ce paisible dimanche de d\u00e9cembre, le joueur de football Antoine Griezmann se gausse en faisant un blackface qui suscite un toll\u00e9 sur la toile.<\/h3>\n<p><a href=\"https:\/\/streetdiamond.fr\/wp-content\/uploads\/2017\/12\/antoine-griezmann-blackface-street-diamond-radio-rgb-podcast-france-equipe-deschamps-benzema.jpg\"><img decoding=\"async\" class=\"aligncenter wp-image-2599 size-large\" src=\"https:\/\/streetdiamond.fr\/wp-content\/uploads\/2017\/12\/antoine-griezmann-blackface-street-diamond-radio-rgb-podcast-france-equipe-deschamps-benzema-829x1024.jpg\" alt=\"\" width=\"750\" height=\"926\" srcset=\"https:\/\/streetdiamond.fr\/wp-content\/uploads\/2017\/12\/antoine-griezmann-blackface-street-diamond-radio-rgb-podcast-france-equipe-deschamps-benzema-829x1024.jpg 829w, https:\/\/streetdiamond.fr\/wp-content\/uploads\/2017\/12\/antoine-griezmann-blackface-street-diamond-radio-rgb-podcast-france-equipe-deschamps-benzema-243x300.jpg 243w, https:\/\/streetdiamond.fr\/wp-content\/uploads\/2017\/12\/antoine-griezmann-blackface-street-diamond-radio-rgb-podcast-france-equipe-deschamps-benzema-304x375.jpg 304w, https:\/\/streetdiamond.fr\/wp-content\/uploads\/2017\/12\/antoine-griezmann-blackface-street-diamond-radio-rgb-podcast-france-equipe-deschamps-benzema-518x640.jpg 518w, https:\/\/streetdiamond.fr\/wp-content\/uploads\/2017\/12\/antoine-griezmann-blackface-street-diamond-radio-rgb-podcast-france-equipe-deschamps-benzema.jpg 1080w, https:\/\/streetdiamond.fr\/wp-content\/uploads\/2017\/12\/antoine-griezmann-blackface-street-diamond-radio-rgb-podcast-france-equipe-deschamps-benzema-243x300@2x.jpg 486w, https:\/\/streetdiamond.fr\/wp-content\/uploads\/2017\/12\/antoine-griezmann-blackface-street-diamond-radio-rgb-podcast-france-equipe-deschamps-benzema-304x375@2x.jpg 608w, https:\/\/streetdiamond.fr\/wp-content\/uploads\/2017\/12\/antoine-griezmann-blackface-street-diamond-radio-rgb-podcast-france-equipe-deschamps-benzema-518x640@2x.jpg 1036w\" sizes=\"(max-width: 750px) 100vw, 750px\" \/><\/a><\/p>\n<p><strong>Pour rappel, Antoine Griezmann est un joueur titulaire de l&rsquo;\u00e9quipe de France de football et l&rsquo;un des h\u00e9ros de l&rsquo;\u00e9pop\u00e9e des bleus lors de l&rsquo;Euro de football 2016 qui a eu lieu en France.<\/strong><\/p>\n<p><span style=\"font-weight: 400;\">Bankable aupr\u00e8s de plusieurs grandes marques, le joueur de l\u2019Atl\u00e9tico de Madrid est devenu une marque.<\/span><\/p>\n<h2><strong>Qu&rsquo;est-ce que le Blackface?<\/strong><\/h2>\n<p>Le Blackface est une forme th\u00e9\u00e2trale popularis\u00e9 au XIXe si\u00e8cle. Un homme blanc se grime en homme noir en se maquillant. Usant de la caricature, il exag\u00e8re les accents et fantasmes les m\u0153urs de la population noire, la d\u00e9nigre l\u2019avilisse. L&rsquo;un des points d&rsquo;orgue de ce genre sera le film Naissance d&rsquo;une nation (Birth of a nation) de D.W. Griffith, consid\u00e9r\u00e9 comme la premi\u00e8re grande production hollywoodienne sorti en 1915. Ce film, compl\u00e8tement raciste, influencera particuli\u00e8rement le Ku Klux Clan. On y voit un homme blanc grim\u00e9 en noir poursuivre une femme blanche afin de la violer avant d&rsquo;\u00eatre arr\u00e9t\u00e9 par un sauveur blanc&#8230; Ce genre sera d\u00e9nonc\u00e9 par la satire Bamboozled de Spike Lee un film sorti en 2000.<\/p>\n<h2><strong>Equipe de France et racisme<\/strong><\/h2>\n<p><span style=\"font-weight: 400;\">Ce n&rsquo;est pas la premi\u00e8re fois qu&rsquo;au sein de l&rsquo;\u00e9quipe de Didier Deschamps, le s\u00e9lectionneur de l&rsquo;\u00e9quipe de France de football, il y a des probl\u00e8mes concernant des actes qui ont suscit\u00e9 l\u2019indignation des internautes suite \u00e0 des agissements ou d\u00e9clarations qu\u2019ils qualifiaient de racistes.<\/span><span style=\"font-weight: 400;\"><br \/>\n<\/span><span style=\"font-weight: 400;\">On se rappelle que d\u00e9but juin 2016 la maison de Concarneau du s\u00e9lectionneur avait \u00e9t\u00e9 tagu\u00e9e du mot \u201craciste\u201d. Des accusations formellement rejet\u00e9es par ce dernier. Plusieurs plaintes ont \u00e9t\u00e9 d\u00e9pos\u00e9es par le s\u00e9lectionneur, contre ce tag mais aussi en diffamation.<\/span><span style=\"font-weight: 400;\"><br \/>\n<\/span><span style=\"font-weight: 400;\">L&rsquo;entra\u00eeneur avait \u00e9t\u00e9 marqu\u00e9 par cet \u00e9pisode qui pr\u00e9c\u00e9dait la d\u00e9claration de Karim Benzema \u00ab\u00a0Deschamps a c\u00e9d\u00e9 sous la pression d&rsquo;une partie raciste de la France\u00a0\u00bb mais aussi de la d\u00e9claration d&rsquo;Eric Cantona concernant cette m\u00eame affaire.<\/span><span style=\"font-weight: 400;\"><br \/>\n<\/span><span style=\"font-weight: 400;\">Antoine Griezmann, Karim Benzema, Didier Deschamps sacr\u00e9e ambiance dans les vestiaires&#8230; ou dans les soir\u00e9es costum\u00e9es.<\/span><\/p>\n<h2><strong>Les sempiternelles excuses<\/strong><\/h2>\n<p><span style=\"font-weight: 400;\">Comme d&rsquo;habitude on dira que les noirs n&rsquo;ont pas d&rsquo;humour. Que maintenant on ne peut rire de rien. Puis on nous donnera son \u00e2ge.<\/span><span style=\"font-weight: 400;\"><br \/>\n<\/span><span style=\"font-weight: 400;\">Avec un tweet, des excuses seront pr\u00e9sent\u00e9es. Antoine Griezmann nous dira qu&rsquo;il n\u2019a pas fait expr\u00e8s car il voulait rendre un hommage en tant que fan de basket. Qu&rsquo;il ne conna\u00eet rien des combats contre le racisme et&#8230; <\/span><span style=\"font-weight: 400;\"><br \/>\n<\/span><span style=\"font-weight: 400;\">On entendra les analyses nous dire que tout le monde a d\u00e9j\u00e0 fait des conneries etc&#8230;<\/span><span style=\"font-weight: 400;\"><br \/>\n<\/span><\/p>\n<h3><strong>Excuse acte 1 : Des excuses qui n\u2019en sont pas. Un acte manqu\u00e9&#8230;<\/strong><\/h3>\n<p>&nbsp;<\/p>\n<p><a href=\"https:\/\/streetdiamond.fr\/wp-content\/uploads\/2017\/12\/griezmann-blackface-excuse-calmos-antoine-edf-equipe-de-france-football-deschamps.jpg\"><img decoding=\"async\" class=\"aligncenter wp-image-2600 size-large\" src=\"https:\/\/streetdiamond.fr\/wp-content\/uploads\/2017\/12\/griezmann-blackface-excuse-calmos-antoine-edf-equipe-de-france-football-deschamps-1024x867.jpg\" alt=\"\" width=\"750\" height=\"635\" srcset=\"https:\/\/streetdiamond.fr\/wp-content\/uploads\/2017\/12\/griezmann-blackface-excuse-calmos-antoine-edf-equipe-de-france-football-deschamps-1024x867.jpg 1024w, https:\/\/streetdiamond.fr\/wp-content\/uploads\/2017\/12\/griezmann-blackface-excuse-calmos-antoine-edf-equipe-de-france-football-deschamps-300x254.jpg 300w, https:\/\/streetdiamond.fr\/wp-content\/uploads\/2017\/12\/griezmann-blackface-excuse-calmos-antoine-edf-equipe-de-france-football-deschamps-443x375.jpg 443w, https:\/\/streetdiamond.fr\/wp-content\/uploads\/2017\/12\/griezmann-blackface-excuse-calmos-antoine-edf-equipe-de-france-football-deschamps-640x542.jpg 640w, https:\/\/streetdiamond.fr\/wp-content\/uploads\/2017\/12\/griezmann-blackface-excuse-calmos-antoine-edf-equipe-de-france-football-deschamps.jpg 1080w, https:\/\/streetdiamond.fr\/wp-content\/uploads\/2017\/12\/griezmann-blackface-excuse-calmos-antoine-edf-equipe-de-france-football-deschamps-300x254@2x.jpg 600w, https:\/\/streetdiamond.fr\/wp-content\/uploads\/2017\/12\/griezmann-blackface-excuse-calmos-antoine-edf-equipe-de-france-football-deschamps-443x375@2x.jpg 886w\" sizes=\"(max-width: 750px) 100vw, 750px\" \/><\/a><\/p>\n<p><em><strong>Update<\/strong><\/em><\/p>\n<p>&nbsp;<\/p>\n<h3><strong>Acte 2 : Des excuses classiques, comme d\u2019habitude<\/strong><\/h3>\n<p><span style=\"font-weight: 400;\">L&rsquo;attaquant s\u2019excuse, un acte plut\u00f4t classique dans ce genre de situation.<\/span><\/p>\n<p><a href=\"https:\/\/streetdiamond.fr\/wp-content\/uploads\/2017\/12\/excuse-antoine-griezmann-equipe-france-football-atletico-madrid-deschamps-benzema-rascisme.jpg\"><img decoding=\"async\" class=\"aligncenter size-large wp-image-2601\" src=\"https:\/\/streetdiamond.fr\/wp-content\/uploads\/2017\/12\/excuse-antoine-griezmann-equipe-france-football-atletico-madrid-deschamps-benzema-rascisme-1024x455.jpg\" alt=\"\" width=\"750\" height=\"333\" srcset=\"https:\/\/streetdiamond.fr\/wp-content\/uploads\/2017\/12\/excuse-antoine-griezmann-equipe-france-football-atletico-madrid-deschamps-benzema-rascisme-1024x455.jpg 1024w, https:\/\/streetdiamond.fr\/wp-content\/uploads\/2017\/12\/excuse-antoine-griezmann-equipe-france-football-atletico-madrid-deschamps-benzema-rascisme-300x133.jpg 300w, https:\/\/streetdiamond.fr\/wp-content\/uploads\/2017\/12\/excuse-antoine-griezmann-equipe-france-football-atletico-madrid-deschamps-benzema-rascisme-750x333.jpg 750w, https:\/\/streetdiamond.fr\/wp-content\/uploads\/2017\/12\/excuse-antoine-griezmann-equipe-france-football-atletico-madrid-deschamps-benzema-rascisme-640x284.jpg 640w, https:\/\/streetdiamond.fr\/wp-content\/uploads\/2017\/12\/excuse-antoine-griezmann-equipe-france-football-atletico-madrid-deschamps-benzema-rascisme.jpg 1034w, https:\/\/streetdiamond.fr\/wp-content\/uploads\/2017\/12\/excuse-antoine-griezmann-equipe-france-football-atletico-madrid-deschamps-benzema-rascisme-300x133@2x.jpg 600w\" sizes=\"(max-width: 750px) 100vw, 750px\" \/><\/a><\/p>\n<h3><\/h3>\n<h3><strong>Le probl\u00e8me est que nous sommes bient\u00f4t en 2018 comme nous le rappelle le chanteur Kalash.<\/strong><\/h3>\n<p>&nbsp;<\/p>\n<p><a href=\"https:\/\/streetdiamond.fr\/wp-content\/uploads\/2017\/12\/kalash-griezmann-antoine-rascisme-blackface-france-equipe-de-france-football-didier-deschamps-benzema.jpg\"><img decoding=\"async\" class=\"aligncenter size-full wp-image-2602\" src=\"https:\/\/streetdiamond.fr\/wp-content\/uploads\/2017\/12\/kalash-griezmann-antoine-rascisme-blackface-france-equipe-de-france-football-didier-deschamps-benzema.jpg\" alt=\"\" width=\"900\" height=\"984\" srcset=\"https:\/\/streetdiamond.fr\/wp-content\/uploads\/2017\/12\/kalash-griezmann-antoine-rascisme-blackface-france-equipe-de-france-football-didier-deschamps-benzema.jpg 900w, https:\/\/streetdiamond.fr\/wp-content\/uploads\/2017\/12\/kalash-griezmann-antoine-rascisme-blackface-france-equipe-de-france-football-didier-deschamps-benzema-274x300.jpg 274w, https:\/\/streetdiamond.fr\/wp-content\/uploads\/2017\/12\/kalash-griezmann-antoine-rascisme-blackface-france-equipe-de-france-football-didier-deschamps-benzema-343x375.jpg 343w, https:\/\/streetdiamond.fr\/wp-content\/uploads\/2017\/12\/kalash-griezmann-antoine-rascisme-blackface-france-equipe-de-france-football-didier-deschamps-benzema-585x640.jpg 585w, https:\/\/streetdiamond.fr\/wp-content\/uploads\/2017\/12\/kalash-griezmann-antoine-rascisme-blackface-france-equipe-de-france-football-didier-deschamps-benzema-274x300@2x.jpg 548w, https:\/\/streetdiamond.fr\/wp-content\/uploads\/2017\/12\/kalash-griezmann-antoine-rascisme-blackface-france-equipe-de-france-football-didier-deschamps-benzema-343x375@2x.jpg 686w\" sizes=\"(max-width: 900px) 100vw, 900px\" \/><\/a><\/p>\n<p>&nbsp;<\/p>\n<h2><strong>La tol\u00e9rance de la presse fran\u00e7aise contraste avec l&rsquo;indignation d&rsquo;une partie du public et les anglo-saxons\u00a0<\/strong><\/h2>\n<p><span style=\"font-weight: 400;\">Comme souvent en France nous avons droit \u00e0 une hi\u00e9rarchisation des actes racistes et de la pens\u00e9e. Bien au contraire nos amis anglophones condamnent fermement cet acte.\u00a0<\/span><\/p>\n<p><a href=\"https:\/\/streetdiamond.fr\/wp-content\/uploads\/2017\/12\/us-grizou.jpg\"><img decoding=\"async\" class=\"aligncenter size-large wp-image-2603\" src=\"https:\/\/streetdiamond.fr\/wp-content\/uploads\/2017\/12\/us-grizou-1024x296.jpg\" alt=\"\" width=\"750\" height=\"217\" srcset=\"https:\/\/streetdiamond.fr\/wp-content\/uploads\/2017\/12\/us-grizou-1024x296.jpg 1024w, https:\/\/streetdiamond.fr\/wp-content\/uploads\/2017\/12\/us-grizou-300x87.jpg 300w, https:\/\/streetdiamond.fr\/wp-content\/uploads\/2017\/12\/us-grizou-750x217.jpg 750w, https:\/\/streetdiamond.fr\/wp-content\/uploads\/2017\/12\/us-grizou-640x185.jpg 640w, https:\/\/streetdiamond.fr\/wp-content\/uploads\/2017\/12\/us-grizou.jpg 1080w, https:\/\/streetdiamond.fr\/wp-content\/uploads\/2017\/12\/us-grizou-300x87@2x.jpg 600w\" sizes=\"(max-width: 750px) 100vw, 750px\" \/><\/a><\/p>\n<p style=\"text-align: center;\"><i>\u00ab\u00a0Les hommes blancs aiment dire aux Noirs comment ils devraient ressentir les choses \u00e0 propos du racisme. Je ne suis pas int\u00e9ress\u00e9 par\u00a0\u00bbles deux c\u00f4t\u00e9s\u00a0\u00bb (des choses), ce qu&rsquo;il a fait est mal et il doit s&rsquo;excuser et effacer cette publication.\u00a0\u00bb\u00a0<\/i><\/p>\n<h3><strong>De nombreux journalistes souhaitent guider l\u2019indignation des personnes offusqu\u00e9es par ce Blackface.<\/strong><\/h3>\n<p>Comme si l&rsquo;indignation envers l&rsquo;acte qu&rsquo;a commis Grizou n&rsquo;\u00e9tait pas justifi\u00e9e. La force de l&rsquo;image conjugu\u00e9e \u00e0 la popularit\u00e9 de l&rsquo;individu justifient \u00e0 elles seules les r\u00e9actions car cette image, pour une partie de la population, est v\u00e9cue comme une violence qui se r\u00e9p\u00e8te encore et encore.<\/p>\n<p>Ce qui est assez usant dans le d\u00e9bat fran\u00e7ais c&rsquo;est la mani\u00e8re dont est per\u00e7u le mot raciste et la mani\u00e8re dont ce mot crystallise un d\u00e9bat. Le d\u00e9bat ce n&rsquo;est pas de savoir si le jeune footballeur est raciste ou non. Le d\u00e9bat concerne l&rsquo;acte raciste qu&rsquo;il a commis. Il faut arr\u00eater de simplifier ce type de d\u00e9bat et de prendre les gens pour des d\u00e9biles. Le journaliste, Pierre M\u00e9n\u00e8s, utilise le terme de d\u00e9lation. Ce terme, en plus d&rsquo;\u00eatre hors propos, a \u00e9t\u00e9 utilis\u00e9 afin de r\u00e9pondre aux femmes qui utilisaient le hastag #balancetonporc sur les r\u00e9seaux sociaux. Qu&rsquo;est-ce que cela signifie? Qu&rsquo;il faut se taire quand on se fait violer, qu&rsquo;on est m\u00e9pris\u00e9 ou indign\u00e9? Nous ne sommes pas en 1939-1945, nous sommes \u00e0 l&rsquo;aube de 2018 et les choses doivent \u00e9voluer.<\/p>\n<p><a href=\"https:\/\/streetdiamond.fr\/wp-content\/uploads\/2017\/12\/florian-gazan-antoine-griezmann-rascisme-equipe-de-france-football-blackface-deschamps-benzema.jpg\"><img decoding=\"async\" class=\"aligncenter wp-image-2604 size-large\" src=\"https:\/\/streetdiamond.fr\/wp-content\/uploads\/2017\/12\/florian-gazan-antoine-griezmann-rascisme-equipe-de-france-football-blackface-deschamps-benzema-1024x609.jpg\" alt=\"\" width=\"750\" height=\"446\" srcset=\"https:\/\/streetdiamond.fr\/wp-content\/uploads\/2017\/12\/florian-gazan-antoine-griezmann-rascisme-equipe-de-france-football-blackface-deschamps-benzema-1024x609.jpg 1024w, https:\/\/streetdiamond.fr\/wp-content\/uploads\/2017\/12\/florian-gazan-antoine-griezmann-rascisme-equipe-de-france-football-blackface-deschamps-benzema-300x178.jpg 300w, https:\/\/streetdiamond.fr\/wp-content\/uploads\/2017\/12\/florian-gazan-antoine-griezmann-rascisme-equipe-de-france-football-blackface-deschamps-benzema-631x375.jpg 631w, https:\/\/streetdiamond.fr\/wp-content\/uploads\/2017\/12\/florian-gazan-antoine-griezmann-rascisme-equipe-de-france-football-blackface-deschamps-benzema-640x380.jpg 640w, https:\/\/streetdiamond.fr\/wp-content\/uploads\/2017\/12\/florian-gazan-antoine-griezmann-rascisme-equipe-de-france-football-blackface-deschamps-benzema.jpg 1033w, https:\/\/streetdiamond.fr\/wp-content\/uploads\/2017\/12\/florian-gazan-antoine-griezmann-rascisme-equipe-de-france-football-blackface-deschamps-benzema-300x178@2x.jpg 600w\" sizes=\"(max-width: 750px) 100vw, 750px\" \/><\/a><\/p>\n<p><a href=\"https:\/\/streetdiamond.fr\/wp-content\/uploads\/2017\/12\/pierre-menes-delation-antoine-griezmann-racisme-raciste-folltball-france-equipe-atletico-madrid-blackface-street-diamond.jpg\"><img decoding=\"async\" class=\"aligncenter size-full wp-image-2610\" src=\"https:\/\/streetdiamond.fr\/wp-content\/uploads\/2017\/12\/pierre-menes-delation-antoine-griezmann-racisme-raciste-folltball-france-equipe-atletico-madrid-blackface-street-diamond.jpg\" alt=\"\" width=\"720\" height=\"767\" srcset=\"https:\/\/streetdiamond.fr\/wp-content\/uploads\/2017\/12\/pierre-menes-delation-antoine-griezmann-racisme-raciste-folltball-france-equipe-atletico-madrid-blackface-street-diamond.jpg 720w, https:\/\/streetdiamond.fr\/wp-content\/uploads\/2017\/12\/pierre-menes-delation-antoine-griezmann-racisme-raciste-folltball-france-equipe-atletico-madrid-blackface-street-diamond-282x300.jpg 282w, https:\/\/streetdiamond.fr\/wp-content\/uploads\/2017\/12\/pierre-menes-delation-antoine-griezmann-racisme-raciste-folltball-france-equipe-atletico-madrid-blackface-street-diamond-352x375.jpg 352w, https:\/\/streetdiamond.fr\/wp-content\/uploads\/2017\/12\/pierre-menes-delation-antoine-griezmann-racisme-raciste-folltball-france-equipe-atletico-madrid-blackface-street-diamond-601x640.jpg 601w, https:\/\/streetdiamond.fr\/wp-content\/uploads\/2017\/12\/pierre-menes-delation-antoine-griezmann-racisme-raciste-folltball-france-equipe-atletico-madrid-blackface-street-diamond-282x300@2x.jpg 564w, https:\/\/streetdiamond.fr\/wp-content\/uploads\/2017\/12\/pierre-menes-delation-antoine-griezmann-racisme-raciste-folltball-france-equipe-atletico-madrid-blackface-street-diamond-352x375@2x.jpg 704w\" sizes=\"(max-width: 720px) 100vw, 720px\" \/><\/a><\/p>\n<h3><strong>Les community manager de NBA France \u00e0 c\u00f4t\u00e9 de la plaque<\/strong><\/h3>\n<p><span style=\"font-weight: 400;\">La NBA met un point d&rsquo;orgue dans sa communication en faveur de la lutte contre le racisme. On doute que ce tweet soit bien per\u00e7u par la branche am\u00e9ricaine, le Blackface \u00e9tant tr\u00e8s mal per\u00e7u outre manche.\u00a0<\/span><\/p>\n<p><span style=\"font-weight: 400;\"><br \/>\n<\/span><span style=\"font-weight: 400;\"><a href=\"https:\/\/streetdiamond.fr\/wp-content\/uploads\/2017\/12\/nba-france-antoine-griezmann-community-manager-rascisme-blackface.jpg\"><img decoding=\"async\" class=\"aligncenter size-full wp-image-2605\" src=\"https:\/\/streetdiamond.fr\/wp-content\/uploads\/2017\/12\/nba-france-antoine-griezmann-community-manager-rascisme-blackface.jpg\" alt=\"\" width=\"720\" height=\"456\" srcset=\"https:\/\/streetdiamond.fr\/wp-content\/uploads\/2017\/12\/nba-france-antoine-griezmann-community-manager-rascisme-blackface.jpg 720w, https:\/\/streetdiamond.fr\/wp-content\/uploads\/2017\/12\/nba-france-antoine-griezmann-community-manager-rascisme-blackface-300x190.jpg 300w, https:\/\/streetdiamond.fr\/wp-content\/uploads\/2017\/12\/nba-france-antoine-griezmann-community-manager-rascisme-blackface-592x375.jpg 592w, https:\/\/streetdiamond.fr\/wp-content\/uploads\/2017\/12\/nba-france-antoine-griezmann-community-manager-rascisme-blackface-640x405.jpg 640w, https:\/\/streetdiamond.fr\/wp-content\/uploads\/2017\/12\/nba-france-antoine-griezmann-community-manager-rascisme-blackface-300x190@2x.jpg 600w\" sizes=\"(max-width: 720px) 100vw, 720px\" \/><\/a><strong>Des excuses et apr\u00e8s?<\/strong><\/span><\/p>\n<p><span style=\"font-weight: 400;\">Difficile de combattre l&rsquo;ignorance qui perdure dans notre pays tant que les programmes scolaires ne se limiteront qu&rsquo;\u00e0 un chapitre concernant l&rsquo;esclavage en ce qui concerne la population noire.<\/span><\/p>\n<p><span style=\"font-weight: 400;\">Il y a un avant traite n\u00e9gri\u00e8re et un apr\u00e8s, tout comme un avant colonisation et un apr\u00e8s. Et malgr\u00e9 toute la candeur que d\u00e9gage le footballeur Antoine Griezmann et l\u2019affection qu&rsquo;on pourrait avoir pour lui, l&rsquo;ignorance ne justifie et n&rsquo;excuse pas tout.<\/span><\/p>\n<p><span style=\"font-weight: 400;\"><br \/>\n<\/span><a href=\"https:\/\/streetdiamond.fr\/wp-content\/uploads\/2017\/12\/internaute-twitter-street-diamond-blackface-grizmann-france-deschamps-benzema.jpg\"><img decoding=\"async\" class=\"aligncenter size-large wp-image-2606\" src=\"https:\/\/streetdiamond.fr\/wp-content\/uploads\/2017\/12\/internaute-twitter-street-diamond-blackface-grizmann-france-deschamps-benzema-1024x849.jpg\" alt=\"\" width=\"750\" height=\"622\" srcset=\"https:\/\/streetdiamond.fr\/wp-content\/uploads\/2017\/12\/internaute-twitter-street-diamond-blackface-grizmann-france-deschamps-benzema-1024x849.jpg 1024w, https:\/\/streetdiamond.fr\/wp-content\/uploads\/2017\/12\/internaute-twitter-street-diamond-blackface-grizmann-france-deschamps-benzema-300x249.jpg 300w, https:\/\/streetdiamond.fr\/wp-content\/uploads\/2017\/12\/internaute-twitter-street-diamond-blackface-grizmann-france-deschamps-benzema-453x375.jpg 453w, https:\/\/streetdiamond.fr\/wp-content\/uploads\/2017\/12\/internaute-twitter-street-diamond-blackface-grizmann-france-deschamps-benzema-640x530.jpg 640w, https:\/\/streetdiamond.fr\/wp-content\/uploads\/2017\/12\/internaute-twitter-street-diamond-blackface-grizmann-france-deschamps-benzema.jpg 1080w, https:\/\/streetdiamond.fr\/wp-content\/uploads\/2017\/12\/internaute-twitter-street-diamond-blackface-grizmann-france-deschamps-benzema-300x249@2x.jpg 600w, https:\/\/streetdiamond.fr\/wp-content\/uploads\/2017\/12\/internaute-twitter-street-diamond-blackface-grizmann-france-deschamps-benzema-453x375@2x.jpg 906w\" sizes=\"(max-width: 750px) 100vw, 750px\" \/><\/a><\/p>\n","protected":false},"excerpt":{"rendered":"<p>Le Blackface du footballeur Antoine Griezmann ne fait rire que lui &nbsp; En ce paisible dimanche de d\u00e9cembre, le joueur de football Antoine Griezmann se gausse en faisant un blackface qui suscite un toll\u00e9 sur la toile. Pour rappel, Antoine Griezmann est un joueur titulaire de l&rsquo;\u00e9quipe de France de football et l&rsquo;un des h\u00e9ros&#8230;<\/p>\n","protected":false},"author":1,"featured_media":2607,"comment_status":"open","ping_status":"open","sticky":false,"template":"","format":"standard","meta":{"_exactmetrics_skip_tracking":false,"_exactmetrics_sitenote_active":false,"_exactmetrics_sitenote_note":"","_exactmetrics_sitenote_category":0,"_kadence_starter_templates_imported_post":false,"_kad_post_transparent":"","_kad_post_title":"","_kad_post_layout":"","_kad_post_sidebar_id":"","_kad_post_content_style":"","_kad_post_vertical_padding":"","_kad_post_feature":"","_kad_post_feature_position":"","_kad_post_header":false,"_kad_post_footer":false,"_kad_post_classname":"","footnotes":""},"categories":[4,7],"tags":[399,409,410,407,403,400,401,402,288,415,411,404,412,413,416,414,405,406,408,112,343],"class_list":["post-2598","post","type-post","status-publish","format-standard","has-post-thumbnail","hentry","category-culture","category-sport","tag-antoine-griezmann","tag-bamboozled","tag-birth-of-a-nation-naissance-dune-nation","tag-blackface","tag-didier-deschamps","tag-equie-de-france-de-football","tag-federation-francaise-de-football","tag-fff","tag-france","tag-harlem-globe-trotters","tag-kalash","tag-karim-benzema","tag-lorian-gazan","tag-nba","tag-nba-all-star","tag-nba-france","tag-racisme","tag-raciste","tag-spike-lee","tag-street-diamond","tag-streetdiamond-fr"],"_links":{"self":[{"href":"https:\/\/streetdiamond.fr\/index.php\/wp-json\/wp\/v2\/posts\/2598","targetHints":{"allow":["GET"]}}],"collection":[{"href":"https:\/\/streetdiamond.fr\/index.php\/wp-json\/wp\/v2\/posts"}],"about":[{"href":"https:\/\/streetdiamond.fr\/index.php\/wp-json\/wp\/v2\/types\/post"}],"author":[{"embeddable":true,"href":"https:\/\/streetdiamond.fr\/index.php\/wp-json\/wp\/v2\/users\/1"}],"replies":[{"embeddable":true,"href":"https:\/\/streetdiamond.fr\/index.php\/wp-json\/wp\/v2\/comments?post=2598"}],"version-history":[{"count":15,"href":"https:\/\/streetdiamond.fr\/index.php\/wp-json\/wp\/v2\/posts\/2598\/revisions"}],"predecessor-version":[{"id":2609,"href":"https:\/\/streetdiamond.fr\/index.php\/wp-json\/wp\/v2\/posts\/2598\/revisions\/2609"}],"wp:featuredmedia":[{"embeddable":true,"href":"https:\/\/streetdiamond.fr\/index.php\/wp-json\/wp\/v2\/media\/2607"}],"wp:attachment":[{"href":"https:\/\/streetdiamond.fr\/index.php\/wp-json\/wp\/v2\/media?parent=2598"}],"wp:term":[{"taxonomy":"category","embeddable":true,"href":"https:\/\/streetdiamond.fr\/index.php\/wp-json\/wp\/v2\/categories?post=2598"},{"taxonomy":"post_tag","embeddable":true,"href":"https:\/\/streetdiamond.fr\/index.php\/wp-json\/wp\/v2\/tags?post=2598"}],"curies":[{"name":"wp","href":"https:\/\/api.w.org\/{rel}","templated":true}]}}